{"id":35,"date":"2016-07-04T18:34:20","date_gmt":"2016-07-04T16:34:20","guid":{"rendered":"https:\/\/irebell.com\/wordpress\/?p=35"},"modified":"2017-07-07T14:45:45","modified_gmt":"2017-07-07T12:45:45","slug":"vampire-mini-handtasche","status":"publish","type":"post","link":"https:\/\/irebell.com\/wordpress\/2016\/07\/04\/vampire-mini-handtasche\/","title":{"rendered":"Vampire Mini Handtasche"},"content":{"rendered":"<p><strong>VAMPIRE<\/strong> (G\u00fcrteltasche und\/oder Mini Handtasche \/ Umh\u00e4ngetasche)<br \/>\nGothic Tasche mit G\u00fcrtelschlaufe und Klettverschluss. Optional auch mit Kette als Trageriemen erh\u00e4ltlich.<br \/>\nFormat (B\/H\/T): ca. 220 x 240 x 40 mm, mit Innentasche.<\/p>\n<blockquote><p><strong>Eine Tasche f\u00fcr alle F\u00e4lle<\/strong><br \/>\nUnsere Universall\u00f6sung &#8222;Vampire&#8220; ist absolut einzgartig! Sie ist gleichzeitig G\u00fcrteltasche und Umh\u00e4ngetasche.<\/p><\/blockquote>\n<p>Mittels einer optinal erwerbbaren<br \/>\nKette &amp; Karabinerhaken kann man die Tasche um die H\u00fcfte tragen (wenn ein G\u00fcrtel<br \/>\nmal nicht zum Outfit pa\u00dft) oder sie als Umh\u00e4ngetasche benutzen.<br \/>\nMehr Flexibilit\u00e4t geht nicht!<br \/>\n&#8222;Vampire&#8220; hat eine Haupttasche f\u00fcr Geld, Schl\u00fcssel und ein paar andere Kleinigkeiten<br \/>\nund eine Aufsatztasche f\u00fcr\u00b4s Handy.<\/p>\n<p><strong>Material:<\/strong><br \/>\nAussen: Echtes Leder, Nieten, Stahlkette und Karabinerhaken (optional)<br \/>\nInnen: B\u00fcgelauflage, Filz<\/p>\n<p>Alle unsere Produkte werden in 100%iger Handarbeit in Deutschland gefertigt.<\/p>\n<p><em>Tags: Gothic, Schultertasche, Umh\u00e4ngetasche, Tasche, Handtasche, Vampire, Mini, G\u00fcrteltasche, Kette<\/em><\/p>\n","protected":false},"excerpt":{"rendered":"<p>VAMPIRE (G\u00fcrteltasche und\/oder Mini Handtasche \/ Umh\u00e4ngetasche) Gothic Tasche mit G\u00fcrtelschlaufe und Klettverschluss. Optional auch mit Kette als Trageriemen erh\u00e4ltlich. Format (B\/H\/T): ca. 220 x 240 x 40 mm, mit Innentasche. Eine Tasche f\u00fcr alle F\u00e4lle Unsere Universall\u00f6sung &#8222;Vampire&#8220; ist absolut einzgartig! Sie ist gleichzeitig G\u00fcrteltasche und Umh\u00e4ngetasche. Mittels einer optinal erwerbbaren Kette &amp; Karabinerhaken [&hellip;]<\/p>\n","protected":false},"author":1,"featured_media":25,"comment_status":"open","ping_status":"open","sticky":false,"template":"","format":"image","meta":[],"categories":[1,3,72],"tags":[7,6,11,9,5,8,10],"_links":{"self":[{"href":"https:\/\/irebell.com\/wordpress\/wp-json\/wp\/v2\/posts\/35"}],"collection":[{"href":"https:\/\/irebell.com\/wordpress\/wp-json\/wp\/v2\/posts"}],"about":[{"href":"https:\/\/irebell.com\/wordpress\/wp-json\/wp\/v2\/types\/post"}],"author":[{"embeddable":true,"href":"https:\/\/irebell.com\/wordpress\/wp-json\/wp\/v2\/users\/1"}],"replies":[{"embeddable":true,"href":"https:\/\/irebell.com\/wordpress\/wp-json\/wp\/v2\/comments?post=35"}],"version-history":[{"count":1,"href":"https:\/\/irebell.com\/wordpress\/wp-json\/wp\/v2\/posts\/35\/revisions"}],"predecessor-version":[{"id":36,"href":"https:\/\/irebell.com\/wordpress\/wp-json\/wp\/v2\/posts\/35\/revisions\/36"}],"wp:featuredmedia":[{"embeddable":true,"href":"https:\/\/irebell.com\/wordpress\/wp-json\/wp\/v2\/media\/25"}],"wp:attachment":[{"href":"https:\/\/irebell.com\/wordpress\/wp-json\/wp\/v2\/media?parent=35"}],"wp:term":[{"taxonomy":"category","embeddable":true,"href":"https:\/\/irebell.com\/wordpress\/wp-json\/wp\/v2\/categories?post=35"},{"taxonomy":"post_tag","embeddable":true,"href":"https:\/\/irebell.com\/wordpress\/wp-json\/wp\/v2\/tags?post=35"}],"curies":[{"name":"wp","href":"https:\/\/api.w.org\/{rel}","templated":true}]}}